{"provider_url": "https://www.bomdespacho.mg.leg.br", "title": "Estrutura", "html": "<p><img src=\"https://www.bomdespacho.mg.leg.br/imagens/image_2021_01_27T15_11_13_201Z.png\" alt=\"\" class=\"image-inline\" title=\"\" /></p>\r\n<div>\r\n<p><b>Mesa Diretora<br /></b>gabinete@camarabd.mg.gov.br</p>\r\n<p><b>Diretor Geral<br /></b>comunicacao@camarabd.mg.gov.br</p>\r\n<p><b>Procuradoria<br /></b>procuradoria@camarabd.mg.gov.br</p>\r\n<p><b>Controladoria<br /></b>controladoria@camarabd.mg.gov.br</p>\r\n<p><b>Assessoria de Comunica\u00e7\u00e3o<br /></b>comunicacao@camarabd.mg.gov.br</p>\r\n<p><b>Procon<br /></b>procon@camarabd.mg.gov.br</p>\r\n<h3><b>Jur\u00eddico<br /></b>juridico@camarabd.mg.gov.br<br /><br /><a class=\"external-link\" href=\"https://sapl.bomdespacho.mg.leg.br/docadm/112\" target=\"_blank\" title=\"Organiza\u00e7\u00e3o Administrativa\"><br />Clique aqui e veja a Resolu\u00e7\u00e3o da Organiza\u00e7\u00e3o Admistrativa.</a></h3>\r\n</div>", "author_name": "Interlegis", "version": "1.0", "author_url": "https://www.bomdespacho.mg.leg.br/author/Interlegis", "provider_name": "C\u00e2mara Municipal de Bom Despacho", "type": "rich"}